{"id":6426,"date":"2021-07-23T00:00:00","date_gmt":"2021-07-23T03:00:00","guid":{"rendered":"https:\/\/www.bonitoway.com.br\/blog\/sem-categoria\/linha-do-tempo-com-a-bonito-way-bonito-ms-e-combate-ao-coronavirus-covid19\/"},"modified":"2024-07-29T15:42:59","modified_gmt":"2024-07-29T18:42:59","slug":"linha-do-tempo-com-a-bonito-way-bonito-ms-e-combate-ao-coronavirus-covid19","status":"publish","type":"post","link":"https:\/\/www.bonitoway.com.br\/blog\/linha-do-tempo-com-a-bonito-way-bonito-ms-e-combate-ao-coronavirus-covid19\/","title":{"rendered":"Linha do Tempo com a Bonito Way: Bonito &#8211; MS e combate ao Coronav\u00edrus [ Covid19 ]"},"content":{"rendered":"<p style=\"margin-left:0cm; margin-right:0cm\"><span style=\"color:#7f8c8d\"><span style=\"font-family:Tahoma,Geneva,sans-serif\"><span style=\"font-size:16px\">Bonito &#8211; MS e todos os cantos do mundo, est\u00e3o atravessando um dos acontecimentos mais marcantes da hist\u00f3ria certamente.\u00a0Com isso, tudo parou, ou se modificou, se transformou.\u00a0<\/span><\/span><\/span><\/p>\n<p style=\"margin-left:0cm; margin-right:0cm\"><span style=\"color:#7f8c8d\"><span style=\"font-family:Tahoma,Geneva,sans-serif\"><span style=\"font-size:16px\">Pensando em ajudar, n\u00f3s da Bonito Way resolvemos criar uma &#8220;Linha do Tempo&#8221; sobre a exist\u00eancia e descoberta do coronav\u00edrus [covid19 ] e iremos manter\u00a0ela atualizada sobre como aqui em Bonito &#8211; MS estamos lidando com este cen\u00e1rio.\u00a0<\/span><\/span><\/span><\/p>\n<p style=\"margin-left:0cm; margin-right:0cm\"><span style=\"color:#7f8c8d\"><span style=\"font-family:Tahoma,Geneva,sans-serif\"><span style=\"font-size:16px\">Assim, voc\u00ea acompanha com seguran\u00e7a todas as informa\u00e7\u00f5es\u00a0necess\u00e1rias para programar sua pr\u00f3xima viagem com com a gente!\u00a0<\/span><\/span><\/span><\/p>\n<p style=\"margin-left:0cm; margin-right:0cm\"><span style=\"color:#7f8c8d\"><span style=\"font-family:Tahoma,Geneva,sans-serif\"><span style=\"font-size:16px\">As primeiras not\u00edcias sobre o novo coronav\u00edrus foram anunciadas no final de 2019. Pouco depois, em aproximadamente tr\u00eas meses o n\u00famero de infectados no mundo chegaria a mais de 190 mil pessoas, em todos os continentes (com exce\u00e7\u00e3o da Ant\u00e1rtida).\u00a0No Brasil, as primeiras a\u00e7\u00f5es ligadas \u00e0 pandemia do coronav\u00edrus [\u00a0covid19\u00a0]\u00a0come\u00e7aram em fevereiro a partir da repatrica\u00e7\u00e3o de alguns brasileiros residentes a cidade de Wuhan, na China, o epicentro da infec\u00e7\u00e3o.<\/span><\/span><\/span><\/p>\n<p style=\"margin-left:0cm; margin-right:0cm\"><span style=\"color:#7f8c8d\"><span style=\"font-family:Tahoma,Geneva,sans-serif\"><span style=\"font-size:16px\">Em 15 dias, o Brasil confirmou a primeira contamina\u00e7\u00e3o.\u00a0A partir desta breve introdu\u00e7\u00e3o vamos descrever como Bonito &#8211; MS gradativamente foi se preparando para as a\u00e7\u00f5es necess\u00e1rias para a quarentena.\u00a0<\/span><\/span><\/span><\/p>\n<p style=\"margin-left:0cm; margin-right:0cm\"><span style=\"color:#7f8c8d\"><span style=\"font-family:Tahoma,Geneva,sans-serif\"><span style=\"font-size:16px\">Preparamos uma linha do tempo do coronav\u00edrus no Brasil para voc\u00ea acompanhar os efeitos da pandemia no territ\u00f3rio nacional!<br \/>\n\u00a0Quem recebeu as primeiras informa\u00e7\u00f5es sobre o novo coronav\u00edrus, ainda no final de 2019, n\u00e3o poderia imaginar que tr\u00eas meses depois o n\u00famero de infectados no mundo chegaria a mais de 190 mil pessoas, em todos os continentes \u2013 com exce\u00e7\u00e3o da Ant\u00e1rtida.<br \/>\n\u00a0No Brasil, as primeiras a\u00e7\u00f5es ligadas \u00e0 pandemia do covid-19 come\u00e7aram em fevereiro, com a repatria\u00e7\u00e3o dos brasileiros que viviam em Wuhan, cidade chinesa epicentro da infec\u00e7\u00e3o. Em 15 dias, o pa\u00eds confirmou a primeira contamina\u00e7\u00e3o, quando a Europa j\u00e1 confirmava centenas de casos e encarava mortes decorrentes da covid-19.<br \/>\n\u00a0Para enxergar mais claramente a progress\u00e3o do surto no pa\u00eds, acompanhe a linha do tempo do novo Coronav\u00edrus no Brasil a seguir:\u00a0<\/span><\/span><\/span><\/p>\n<p style=\"margin-left:0cm; margin-right:0cm\"><span style=\"color:#7f8c8d\"><span style=\"font-family:Tahoma,Geneva,sans-serif\"><span style=\"font-size:16px\">Com rela\u00e7\u00e3o aos atrativos da regi\u00e3o, seja ele p\u00fablico ou privado a ordem \u00e9 para que se mantessem\u00a0fechados at\u00e9 30\/05\/2020. No m\u00eas de junho foram realizadas consultorias especializadas nos diversos segmentos para reabertura .<\/span><\/span><\/span><\/p>\n<p style=\"margin-left:0cm; margin-right:0cm\"><span style=\"color:#7f8c8d\"><span style=\"font-family:Tahoma,Geneva,sans-serif\"><span style=\"font-size:16px\">A &#8220;LINHA DO TEMPO&#8221; ser\u00e1 atualizada sempre que houver novos status notificados atrav\u00e9s de \u00f3rg\u00e3os p\u00fablicos oficiais.<\/span><\/span><\/span><\/p>\n<p style=\"margin-left:0cm; margin-right:0cm\">\u00a0<\/p>\n<p style=\"margin-left:0cm; margin-right:0cm\"><em><span style=\"color:#ffffff\"><span style=\"font-size:20px\"><span style=\"background-color:#27ae60\">JULHO| 2021<\/span><\/span><\/span><\/em><\/p>\n<h1><span style=\"color:#2980b9\"><u><strong><span style=\"font-size:16px\"><a href=\"https:\/\/www.bonitonoticias.com.br\/bonito-ms\/noticia\/turismo\/vacinacao-avancada-e-exemplo-em-biosseguranca-turismo-em-bonito-e-regiao-sao-ideais-para-quem-busca-turismo-de-natureza\" target=\"_blank\" rel=\"noopener\">Vacina\u00e7\u00e3o avan\u00e7ada e exemplo em biosseguran\u00e7a; turismo em Bonito e regi\u00e3o s\u00e3o ideais para quem busca turismo de natureza <\/a>&#8211;\u00a0<\/span><\/strong><\/u><\/span><span style=\"color:#999999\"><span style=\"font-size:16px\">Neste m\u00eas de julho completa um ano da retomada do turismo no destino e \u00e9 poss\u00edvel observar que a seguran\u00e7a e o controle de visitas j\u00e1 adotadas no setor, ficou ainda mais em evid\u00eancia.\u00a0<\/span><\/span><span style=\"color:#999999\"><span style=\"font-size:16px\">A regi\u00e3o de Bonito, no Mato Grosso do Sul, \u00e9 um destino que promove o turismo ao ar livre de maneira organizada e em grupo reduzidos, se destacando por oferecer uma op\u00e7\u00e3o mais segura para quem buscar viajar neste momento.\u00a0<\/span><\/span><span style=\"color:#999999\"><span style=\"font-size:16px\">Antes mesmo da pandemia da Covid-19, o modelo de ecoturismo praticado no destino era de visita\u00e7\u00e3o controlada, com empreendimentos que seguem licen\u00e7as ambientais para opera\u00e7\u00e3o e trabalham com hor\u00e1rios espec\u00edficos e limite de pessoas por grupo. Desta forma, n\u00e3o h\u00e1 aglomera\u00e7\u00e3o de pessoas nos passeios, gerando uma sensa\u00e7\u00e3o de seguran\u00e7a e exclusividade para quem visita. <a href=\"https:\/\/www.bonitonoticias.com.br\/bonito-ms\/noticia\/turismo\/vacinacao-avancada-e-exemplo-em-biosseguranca-turismo-em-bonito-e-regiao-sao-ideais-para-quem-busca-turismo-de-natureza\" target=\"_blank\" rel=\"noopener\">Leia mais&#8230;<\/a><\/span><\/span><\/h1>\n<p style=\"margin-left:0cm; margin-right:0cm\"><span style=\"font-size:16px\"><span style=\"color:#2980b9\"><u><strong>Bonito est\u00e1 funcionando seguindo os protocolos de biosseguran\u00e7a:<span style=\"font-family:Times New Roman,serif\">\u00a0<\/span><\/strong><\/u><\/span><\/span><span style=\"color:#999999\"><span style=\"font-size:14px\">A Secretaria Municipal de Sa\u00fade informa que 2920 pacientes est\u00e3o recuperados e liberados do isolamento domicilia e 25 est\u00e3o em investiga\u00e7\u00e3o.<\/span><span style=\"font-size:14px\"> <\/span><\/span><\/p>\n<p style=\"margin-left:0cm; margin-right:0cm\"><span style=\"color:#999999\"><span style=\"font-size:14px\">Atrativos turisticos est\u00e3o funcionando com 70% da capacidade de atendimento, seguindo os protocolos de biosseguran\u00e7a.<\/span><\/span><\/p>\n<p style=\"margin-left:0cm; margin-right:0cm\"><span style=\"font-size:16px\"><span style=\"color:#2980b9\"><u><strong>Bonito est\u00e1 funcionando seguindo os protocolos de biosseguran\u00e7a:<span style=\"font-family:Times New Roman,serif\">\u00a0<\/span><\/strong><\/u><\/span><\/span><span style=\"color:#999999\"><span style=\"font-size:14px\">A Secretaria Municipal de Sa\u00fade informa que 2920 pacientes est\u00e3o recuperados e liberados do isolamento domicilia e 25 est\u00e3o em investiga\u00e7\u00e3o.<\/span><\/span><\/p>\n<p style=\"margin-left:0cm; margin-right:0cm\"><span style=\"color:#ffffff\"><em><span style=\"font-size:20px\"><span style=\"background-color:#27ae60\">Mar\u00e7o| 2021<\/span><\/span><\/em><\/span><\/p>\n<p style=\"margin-left:0cm; margin-right:0cm\"><span style=\"font-size:16px\"><span style=\"color:#2980b9\"><u><strong>Bonito segue funcionando seguindo os protocolos de biosseguran\u00e7a:<span style=\"font-family:Times New Roman,serif\">\u00a0<\/span><\/strong><\/u><\/span><\/span><span style=\"color:#999999\"><span style=\"font-size:14px\">Bonito MS conseguiu uma flexibiliza\u00e7\u00e3o do decreto estadual, para manter atrativos abertos durante a semana de fechamento das atividades n\u00e3o essenciais, determinada pelo Governo do MS em decreto publicado nesta quarta-feira (24). A informa\u00e7\u00e3o foi confirmada ap\u00f3s reuni\u00e3o entre Atratur, Comtur, Sectur, Promotoria, Fundtur e Governadoria. O decreto municipal numero 74 foi divulgado agora. Os atrativos continuam abertos para atender os turistas que j\u00e1 est\u00e3o na cidade e os que est\u00e3o em tr\u00e2nsito. A medida n\u00e3o \u00e9 v\u00e1lida para os balne\u00e1rios, os demais atrativos seguem funcionando seguindo rigorosamente os protocolos de biosseguran\u00e7a e com capacidade reduzida a 50%.<\/span><\/span><\/p>\n<p style=\"margin-left:0cm; margin-right:0cm\"><em><span style=\"color:#ffffff\"><span style=\"font-size:20px\"><span style=\"background-color:#27ae60\">Fevereiro\u00a0<\/span><\/span><\/span><\/em><em><span style=\"color:#ffffff\"><span style=\"font-size:20px\"><span style=\"background-color:#27ae60\">| 2021<\/span><\/span><\/span><\/em><\/p>\n<p><span style=\"font-size:16px\"><span style=\"color:#2980b9\"><u><strong><a href=\"https:\/\/www.bonitoinforma.com.br\/saude\/coronavirus-controlado-casos-caem-para-01-a-cada-24h-em-bonito-ms\/36052\/?fbclid=IwAR2vQeDgkL5cfvUn7ua3Y11LqLiPtv6aTHLi23w0JBF50kKXyrX3HlloVok\" target=\"_blank\" rel=\"noopener\">Bonito registra 1\u00a0novo\u00a0caso\u00a0de Covid-19\u00a0<\/a><span style=\"font-family:Times New Roman,serif\">\u00a0<\/span><\/strong><\/u><\/span><\/span><span style=\"color:#7f8c8d\"><span style=\"font-size:16px\">Em mais um\u00a0boletim epidemiol\u00f3gico divulgado na manh\u00e3 desta ter\u00e7a-feira\u00a0(09),\u00a0pela Secretaria Estadual de Sa\u00fade, o munic\u00edpio de Bonito registrou 01 novo\u00a0caso\u00a0positivo\u00a0para o covid-19 nas \u00faltimas 24h, apenas 20\u00a0casos sendo investigados.<\/span><\/span><span style=\"color:#7f8c8d\"><span style=\"font-size:16px\">Desde o \u00faltimo domingo\u00a0(07), o n\u00famero de casos confirmados caiu para 01 por dia. Bonito conta hoje com 1.356 casos confirmados desde o in\u00edcio da pandemia e 1.302 recuperados e 22 \u00f3bitos.<\/span><\/span><\/p>\n<p>\u00a0<\/p>\n<p style=\"margin-left:0cm; margin-right:0cm\"><em><span style=\"color:#ffffff\"><span style=\"font-size:20px\"><span style=\"background-color:#27ae60\">Novembro\u00a0<\/span><\/span><\/span><\/em><em><span style=\"color:#ffffff\"><span style=\"font-size:20px\"><span style=\"background-color:#27ae60\">| 2020<\/span><\/span><\/span><\/em><\/p>\n<p><span style=\"color:#2980b9\"><u><strong><span style=\"font-size:20px\"><a href=\"https:\/\/www.bonitoinforma.com.br\/saude\/bonito-registra-mais-4-novos-casos-de-covid-19\/35241\/\" target=\"_blank\" rel=\"noopener\">Bonito tem 4 novos casos de Covid-19<\/a><\/span><\/strong><\/u><\/span><a href=\"https:\/\/www.bonitoinforma.com.br\/saude\/bonito-registra-mais-4-novos-casos-de-covid-19\/35241\/\" target=\"_blank\" rel=\"noopener\"><span style=\"color:#2980b9\"><u><strong><span style=\"font-size:20px\">\u00a0<\/span><\/strong><\/u><\/span><\/a><span style=\"font-size:20px\"><span style=\"font-family:\"Times New Roman\",serif\">Na manh\u00e3 desta segunda-feira 09\/11, a SES (Secretaria de Estado de Sa\u00fade), informou que Bonito tem mais 4\u00a0pessoas infectadas pelo novo coronav\u00edrus. Agora, a cidade totaliza 628\u00a0casos de covid-19 registrados desde o come\u00e7o da pandemia.\u00a0608\u00a0pessoas j\u00e1 est\u00e3o recuperadas. Outros 8\u00a0pacientes seguem cumprindo o isolamento domiciliar.<\/span><\/span><\/p>\n<p><span style=\"font-family:\"Times New Roman\",serif; font-size:20px\">\u00a0<\/span><\/p>\n<p style=\"margin-left:0cm; margin-right:0cm\"><em><span style=\"color:#ffffff\"><span style=\"font-size:20px\"><span style=\"background-color:#27ae60\">Outubro\u00a0<\/span><\/span><\/span><\/em><em><span style=\"color:#ffffff\"><span style=\"font-size:20px\"><span style=\"background-color:#27ae60\">| 2020<\/span><\/span><\/span><\/em><\/p>\n<p style=\"margin-left:0cm; margin-right:0cm\"><a href=\"https:\/\/www.bonito.ms.gov.br\/2020\/10\/06\/bonito-tem-14-casos-ativos-de-covid-19-nesta-terca-feira\/\" target=\"_blank\" rel=\"noopener\"><span style=\"color:#2980b9\"><u><strong><span style=\"font-size:20px\">Bonito tem 14 casos ativos de Covid-19<\/span><\/strong><\/u><\/span><\/a>\u00a0<span style=\"font-size:20px\">Conforme boletim da Secretaria Municipal de Sa\u00fade, registramos apenas 14 casos positivos, sendo 13 em isolamento domiciliar e 1 internado em Campo Grande. De 520 casos, 499 pessoas j\u00e1 est\u00e3o recuperadas da doen\u00e7a.<\/span><\/p>\n<p style=\"margin-left:0cm; margin-right:0cm\"><em><span style=\"color:#ffffff\"><span style=\"font-size:20px\"><span style=\"background-color:#27ae60\">Setembro\u00a0<\/span><\/span><\/span><\/em><em><span style=\"color:#ffffff\"><span style=\"font-size:20px\"><span style=\"background-color:#27ae60\">| 2020<\/span><\/span><\/span><\/em><\/p>\n<p style=\"margin-left:0cm; margin-right:0cm\"><a href=\"https:\/\/www.bonitoinforma.com.br\/saude\/mesmo-com-a-cidade-lotada-no-ultimo-feriadao-casos-de-covid-nao\/34811\/?fbclid=IwAR2tr8p8HNu72sGfGMFHMWHOloLclqeCI7Ocl4K_ur9H2_Cp-zRkENJZ1gI\" target=\"_blank\" rel=\"noopener\"><span style=\"color:#2980b9\"><strong><u><span style=\"font-size:20px\">Mesmo com a cidade lotada no \u00faltimo feriad\u00e3o, casos de covid n\u00e3o aumentaram em Bonito<\/span><\/u><\/strong><\/span><\/a>\u00a0<span style=\"font-size:20px\">Quase todas as pessoas infectadas na cidade j\u00e1 est\u00e3o recuperadas, de acordo com a Secretaria Municipal de Sa\u00fade.\u00a0Conforme o \u00faltimo boletim divulgado pela Secretaria Municipal de Sa\u00fade de Bonito, at\u00e9 nesta segunda-feira (21), das 486 pessoas que j\u00e1 foram infectadas pelo novo coronav\u00edrus na cidade, 448 j\u00e1 estavam recuperadas at\u00e9 o come\u00e7o da tarde de ontem. 31 pacientes ainda seguem cumprindo o isolamento domiciliar e o munic\u00edpio registra 7 \u00f3bitos.<\/span><\/p>\n<p>\u00a0<\/p>\n<p style=\"margin-left:0cm; margin-right:0cm\"><strong><span style=\"color:#2980b9\"><u><span style=\"font-size:20px\">Restaurante Tapera reabre em Bonito-MS<\/span><\/u><\/span>\u00a0<\/strong><span style=\"font-size:20px\">Antonio Carlos, o nosso querido &#8220;T\u00f3&#8221; renomado Chef de cozinha e autor do livro &#8220;60 anos de Pilad Rebu\u00e1\u201d (livro que traz poesias e cr\u00f4nicas sobre as experi\u00eancias do poeta, que nasceu e cresceu na principal rua e palco de acontecimentos hist\u00f3ricos do munic\u00edpio). Reabre seu charmoso e aconchegante restaurante!<\/span><\/p>\n<p style=\"margin-left:0cm; margin-right:0cm\">\u00a0<\/p>\n<p style=\"margin-left:0cm; margin-right:0cm\"><a href=\"https:\/\/www.instagram.com\/p\/CEutRHxH4lM\/\" target=\"_blank\" rel=\"noopener\"><span style=\"color:#2980b9\"><strong><u><em><span style=\"font-size:20px\">Restaurante Casa do Jo\u00e3o reabriu em Bonito-MS\u00a0<\/span><\/em><\/u><\/strong><\/span><\/a><span style=\"color:null\"><span style=\"font-size:20px\">&#8211;\u00a0Fechado devido ao COVID-19 em meados de mar\u00e7o, o restaurante Casa do Jo\u00e3o reabriu ontem com muitas novidades.\u00a0<\/span><\/span><span style=\"font-size:20px\">O Restaurante Casa do Jo\u00e3o funciona\u00a0no almo\u00e7o das 11h \u00e0s 14h e no jantar 17h \u00e0s 22h.\u00a0Comida para amar, lugar para lembrar e agora com m\u00fasica ao vivo! E claro seguindo todos os protocolos de biosseguran\u00e7a. Fizemos uma live ontem e contamos um poquinho da hist\u00f3ria da casa e dessa familia linda que tanto admiramos! <a href=\"https:\/\/www.instagram.com\/p\/CEutRHxH4lM\/\" target=\"_blank\" rel=\"noopener\">Clique aqui e conhe\u00e7a!<\/a><\/span><\/p>\n<p style=\"margin-left:0cm; margin-right:0cm\">\u00a0<\/p>\n<p style=\"margin-left:0cm; margin-right:0cm\"><em><span style=\"color:#ffffff\"><span style=\"font-size:20px\"><span style=\"background-color:#27ae60\">Agosto\u00a0<\/span><\/span><\/span><\/em><em><span style=\"color:#ffffff\"><span style=\"font-size:20px\"><span style=\"background-color:#27ae60\">| 2020<\/span><\/span><\/span><\/em><em><span style=\"color:#ffffff\"><span style=\"font-size:20px\">ORONV\u00cdRUS: Mais 22 casos s\u00e3o confirmados nas \u00faltimas 24h em Bonito (MS)<\/span><\/span><\/em><\/p>\n<p style=\"margin-left:0cm; margin-right:0cm\"><span style=\"color:#2980b9\"><strong><u><span style=\"font-size:20px\"><a href=\"https:\/\/www.bonitoinforma.com.br\/saude\/coronavirus-mais-22-casos-sao-confirmados-nas-ultimas-24h-em-bonito\/34616\/?fbclid=IwAR3JooUIJiFVikOeaF8o5hK4G7EaiVs9Azntp_MmyBXFqjxyyTcwr35PkPY\" target=\"_blank\" rel=\"noopener\">CORONAV\u00cdRUS: Mais 22 casos s\u00e3o confirmados em Bonito (MS)<\/a><\/span><\/u><\/strong><\/span><a href=\"https:\/\/www.bonitoinforma.com.br\/saude\/coronavirus-mais-22-casos-sao-confirmados-nas-ultimas-24h-em-bonito\/34616\/?fbclid=IwAR3JooUIJiFVikOeaF8o5hK4G7EaiVs9Azntp_MmyBXFqjxyyTcwr35PkPY\" target=\"_blank\" rel=\"noopener\"><span style=\"color:#2980b9\"><strong><u><span style=\"font-size:20px\">\u00a0<\/span><\/u><\/strong><\/span><\/a><span style=\"color:null\"><span style=\"font-size:20px\">&#8211;\u00a0O munic\u00edpio de Bonito\u00a0voltou a registrar mais 22\u00a0casos confirmados de coronav\u00edrus nas \u00faltimas 24h, e chega nos 385\u00a0casos confirmados, com 40\u00a0casos suspeitos sendo analisados.\u00a0<\/span><\/span><span style=\"color:null\"><span style=\"font-size:20px\">CURADOS &#8211; O munic\u00edpio\u00a0contabiliza 241\u00a0pacientes recuperados, 138 em isolamento domiciliar.<\/span><\/span><\/p>\n<p>\u00a0<\/p>\n<p><strong><a href=\"https:\/\/www.bonitoway.com.br\/pt-br\/novidades\/retomando-atividades-confira-como-esta-o-funcionamento-dos-hoteis-em-bonito\"><u><span style=\"color:#2980b9\"><span style=\"font-size:20px\">Retomando atividades: confira como est\u00e1 o funcionamento dos hot\u00e9is em Bonito<\/span><\/span><\/u><\/a><\/strong>\u00a0<span style=\"font-size:20px\">N\u00f3s preparamos uma lista de hot\u00e9is que j\u00e1 reabriram suas portas em Bonito (MS) e regi\u00e3o para voc\u00ea saber quem est\u00e1 pronto para te receber e quem est\u00e1 se preparando para essa reabertura para que voc\u00ea possa desfrutar da sua viagem com conforto e seguran\u00e7a. <a href=\"https:\/\/www.bonitoway.com.br\/pt-br\/novidades\/retomando-atividades-confira-como-esta-o-funcionamento-dos-hoteis-em-bonito\">Confira!<\/a><\/span><\/p>\n<p style=\"margin-left:0cm; margin-right:0cm\"><span style=\"color:#2980b9\"><span style=\"font-size:20px\"><strong><a href=\"https:\/\/www.bonitoway.com.br\/pt-br\/novidades\/com-vontade-de-viajar-confira-como-esta-o-funcionamento-das-atracoes-e-restaurantes-de-bonito-ms-e-regiao\">Fique por dentro em rela\u00e7\u00e3o ao funcionamento dos restaurantes em Bonito-MS e regi\u00e3o\u00a0<\/a>\u00a0<\/strong><\/span><\/span><span style=\"font-size:20px\">Para te ajudar a saber o que est\u00e1 o funcionamento em Bonito quais os dias e hor\u00e1rios que os restaurantes est\u00e3o operando, montamos essa lista para voc\u00ea programar o seu roteiro.<a href=\"https:\/\/www.bonitoway.com.br\/pt-br\/novidades\/com-vontade-de-viajar-confira-como-esta-o-funcionamento-das-atracoes-e-restaurantes-de-bonito-ms-e-regiao\"> Confira<\/a><\/span><\/p>\n<p style=\"margin-left:0cm; margin-right:0cm\"><span style=\"font-size:20px\"><img decoding=\"async\" alt=\"\" src=\"https:\/\/www.bonitoway.com.br\/blog\/wp-content\/uploads\/2023\/12\/Almoco_Comida_Pantaneira.jpg\" style=\"height:520px; width:830px\" \/><\/span><\/p>\n<p style=\"margin-left:0cm; margin-right:0cm\">\u00a0<\/p>\n<p style=\"margin-left:0cm; margin-right:0cm\">\u00a0<\/p>\n<p style=\"margin-left:0cm; margin-right:0cm\"><span style=\"font-size:20px\"><span style=\"color:#2980b9\"><strong><a href=\"https:\/\/www.bonitoway.com.br\/pt-br\/novidades\/com-vontade-de-viajar-confira-como-esta-o-funcionamento-das-atracoes-e-restaurantes-de-bonito-ms-e-regiao\">Confira os passeios que j\u00e1 est\u00e3o em funcionamento em Bonito-MS e regi\u00e3o<\/a>\u00a0\u00a0<\/strong><\/span><\/span><\/p>\n<p style=\"margin-left:0cm; margin-right:0cm\"><span style=\"font-size:20px\"><strong>Grutas<\/strong>: Gruta de S\u00e3o Miguel e Gruta de S\u00e3o Mateus\u00a0<\/span><\/p>\n<p><span style=\"font-size:20px\"><strong>Baln\u00e9arios<\/strong>: Balne\u00e1rio Nascente Azul, Praia da Figueira, Balne\u00e1rio do Sol, Bosque das \u00c1guas, Ref\u00fagio da Barra, Jardim Ecopark, Porto da Ilha, Ref\u00fagio Cana\u00e3<\/span><\/p>\n<p><span style=\"font-size:20px\"><strong>Passeio de Quadriciclos<\/strong>: Rota Zagaia e Trilha Boiadeira.<\/span><\/p>\n<p><span style=\"font-size:20px\"><strong>Flutua\u00e7\u00f5es<\/strong>: Nascente Azul, Rio Sucuri, Rio da Prata, Barra do Sucuri, Aqu\u00e1rio Natural, Lagoa Misteriosa.<\/span><\/p>\n<p><span style=\"font-size:20px\"><strong>Trilha e Cachoeiras<\/strong>: Fazenda Ceita Cor\u00ea, Cachoeiras Serra da Bodoquena, Est\u00e2ncia Mimosa, Rio do Peixe, Parque das Cachoeiras, Boca da On\u00e7a Ecotur.<\/span><\/p>\n<p><span style=\"font-size:20px\"><strong>Contempla\u00e7\u00f5es<\/strong>: Buraco das Araras, Projeto Jib\u00f3ia, Biopark.<\/span><\/p>\n<p><span style=\"font-size:20px\"><strong>Aventuras<\/strong>: Eco Park Porto da Ilha, Mergulho no Rio da Prata, Mergulho na Lagoa Misteriosa, Cabanas Arvorismo, Abismo Anhumas.<\/span><\/p>\n<p><iframe allowfullscreen=\"\" frameborder=\"0\" height=\"360\" src=\"\/\/www.youtube.com\/embed\/tIMXY0yIp6Y?rel=0\" width=\"640\"><\/iframe><\/p>\n<p style=\"margin-left:0cm; margin-right:0cm\">\u00a0<\/p>\n<p style=\"margin-left:0cm; margin-right:0cm\"><span style=\"font-size:20px\"><span style=\"color:#2980b9\"><strong>Quer saber como est\u00e1 o funcionamento do aeroporto de Campo Grande?\u00a0<\/strong><\/span>O Aeroporto de Campo Grande,\u00a0<strong>Mato Grosso do Sul<\/strong>\u00a0<strong>est\u00e1 operando normalmente<\/strong>, sem nenhum tipo de interrup\u00e7\u00e3o nos servi\u00e7os como outros aeroportos administrados pela Infraero em todo territ\u00f3rio nacional. Isso por\u00e9m n\u00e3o garante que sua reserva ser\u00e1 operada pela companhia.\u00a0Ainda est\u00e3o ocorrendo muitos casos de altera\u00e7\u00f5es de hor\u00e1rios e cancelamentos at\u00e9 48 horas antes do embarque, por isso aconselhamos sempre consultar o status do v\u00f4os. <a href=\"http:\/\/voos.infraero.gov.br\/voos\/index.aspx\" style=\"font-size: 20px;\" target=\"_blank\" rel=\"noopener\">Confira seu v\u00f4o<\/a><\/span><\/p>\n<p style=\"margin-left:0cm; margin-right:0cm\"><span style=\"font-size:20px\">\u00a0A Bonito Way \u00e9 o \u00fanico receptivo que tem um balc\u00e3o de atendimento no aeroporto de Campo Grande-MS e voc\u00ea ter\u00e1 todo o suporte necess\u00e1rio em sua viagem a Bonito-MS.<\/span><\/p>\n<p style=\"margin-left:0cm; margin-right:0cm\"><span style=\"font-size:20px\">O\u00a0<strong>Aeroporto de Bonito n\u00e3o est\u00e1 funcionando<\/strong>\u00a0A\u00a0Azul linhas a\u00e9reas, \u00fanica companhia que oferecia v\u00f4os diretos at\u00e9 Bonito (via Viracopos) suspendeu suas opera\u00e7\u00f5es temporariamente. No caso dos passageiros que compraram v\u00f4os que foram suspensos est\u00e1 sendo oferecida a devolu\u00e7\u00e3o do valor ou a remarca\u00e7\u00e3o com desembarque em Campo Grande.<\/span><\/p>\n<p style=\"margin-left:0cm; margin-right:0cm\"><span style=\"font-size:20px\"><img decoding=\"async\" alt=\"\" src=\"https:\/\/www.bonitoway.com.br\/blog\/wp-content\/uploads\/2023\/12\/06_01_blog_1.jpg\" style=\"height:372px; width:672px\" \/><\/span><\/p>\n<p style=\"margin-left:0cm; margin-right:0cm\"><a href=\"https:\/\/www.instagram.com\/stories\/highlights\/17861636461966054\/?hl=pt-br\" target=\"_blank\" rel=\"noopener\"><span style=\"font-size:20px\">Clica e confira os protocolos de biosseguran\u00e7a adotados em Bonito e regi\u00e3o.<\/span><\/a>\u00a0<span style=\"font-size:20px\">A s\u00e9rie Bonito \u00e9 viajar seguro \u00e9 para voc\u00ea ficar por dentro de tudo que ocorre em Bonito-MS e regi\u00e3o.<\/span><\/p>\n<p style=\"margin-left:0cm; margin-right:0cm\"><span style=\"color:#2980b9\"><u><span style=\"font-size:20px\"><a href=\"https:\/\/www.bonitoinforma.com.br\/noticias\/bonito-registra-mais-2-novos-casos-de-covid-19\/34565\/\" target=\"_blank\" rel=\"noopener\">Bonito registra mais 2 novos casos de covid-19\u00a0<\/a>\u00a0\u00a0<\/span><\/u><\/span><span style=\"font-size:20px\">Na manh\u00e3 desta segunda-feira\u00a0(24), a SES (Secretaria de Estado de Sa\u00fade), informou que Bonito tem mais 2\u00a0pessoas infectadas pelo novo coronav\u00edrus. Agora, a cidade totaliza 299\u00a0casos de covid-19 registrados desde o come\u00e7o da pandemia.\u00a0At\u00e9 neste domingo a cidade registrava 297 casos, sendo que 176\u00a0pessoas\u00a0j\u00e1 est\u00e3o recuperadas. Outros 3\u00a0pacientes est\u00e3o internados e 116\u00a0seguem cumprindo o isolamento domiciliar.<\/span><\/p>\n<p><u><a href=\"https:\/\/www.bonitoinforma.com.br\/noticias\/barreira-sanitaria-ja-abordou-25-mil-veiculos-e-48-mil-pessoas-em\/34528\/\" style=\"font-size: 20px;\" target=\"_blank\" rel=\"noopener\">Barreira sanit\u00e1ria j\u00e1 abordou 2,5 mil ve\u00edculos e 4,8 mil pessoas em uma semana na entrada de Bonito<\/a><\/u><span style=\"font-size:20px\">\u00a0 A barreira foi montada na MS-178 (entre Guia Lopes e Bonito) na \u00faltima quarta-feira (12) e at\u00e9 ontem \u2013 dia 18 \u2013 2.513 ve\u00edculos j\u00e1 haviam sido parados e 4.831 pessoas abordadas para aferi\u00e7\u00e3o de temperatura e orienta\u00e7\u00e3o sobre os cuidados e medidas de preven\u00e7\u00e3o contra o coronav\u00edrus, com entrega de panfletos e orienta\u00e7\u00f5es sobre o decreto vigente.<\/span><\/p>\n<p><span style=\"font-size:20px\"><u><a href=\"https:\/\/www.bonitoinforma.com.br\/noticias\/bonito-nao-registra-novos-casos-de-covid-19-nas-ultimas-24h\/34501\/\" target=\"_blank\" rel=\"noopener\">Bonito n\u00e3o registra novos casos de Covid-19 nas \u00faltimas 24hs<\/a><\/u>\u00a0Bonito n\u00e3o registrou novos casos de covid-19, de acordo com o boletim publicado pela SES (Secretaria de Estado de Sa\u00fade), nesta manh\u00e3 de segunda-feira (17).\u00a0Conforme o boletim publicado pelo munic\u00edpio, at\u00e9 neste domingo (16), dos 230\u00a0casos confirmados, 136\u00a0estavam liberados do isolamento domiciliar.\u00a0 No boletim de ontem tamb\u00e9m confirma que seis\u00a0das pessoas infectadas pelo Covid-19 est\u00e3o\u00a0internadas e outros 87\u00a0pacientes seguem cumprindo isolamento domiciliar. Bonito registra um \u00f3bito.<\/span><\/p>\n<p>\u00a0<\/p>\n<p style=\"margin-left:0cm; margin-right:0cm\"><u><a href=\"https:\/\/www.bonito.ms.gov.br\/2020\/08\/11\/bonito-registro-16-novos-casos-de-covid-19-nesta-terca-feira\/\" target=\"_blank\" rel=\"noopener\"><span style=\"font-size:20px\">Bonito registra 16 novos casos de Covid-19 nesta ter\u00e7a-feira<\/span><\/a><\/u>\u00a0<span style=\"font-size:20px\">Desde o in\u00edcio do m\u00eas j\u00e1 foram registrados 53 novos casos no munic\u00edpio, passando de 115 no dia 1\u00ba de agosto, para 168 nesta ter\u00e7a-feira (11). Os \u00edndices tem preocupado as autoridades municipais, que refor\u00e7am os pedidos por uso de m\u00e1scaras e cumprimento das medidas de preven\u00e7\u00e3o.\u00a0As a\u00e7\u00f5es tamb\u00e9m ser\u00e3o intensificadas a partir desta ter\u00e7a-feira, com retorno das barreiras sanit\u00e1rias e visitas di\u00e1rias aos casos positivados ativos, feitas pela Secret\u00e1ria de Sa\u00fade e Corpo de Bombeiros. A Secretaria Municipal tamb\u00e9m refor\u00e7a, que dos 168 casos positivados em Bonito at\u00e9 agora, 123 j\u00e1 est\u00e3o recuperados.<\/span><\/p>\n<p><span style=\"font-size:20px\"><u><a href=\"https:\/\/www.bonito.ms.gov.br\/2020\/08\/05\/bonito-recebe-comissao-de-controle-sanitario-de-ms-para-pactuar-acoes-de-combate-ao-coronavirus\/\" target=\"_blank\" rel=\"noopener\">Bonito recebe Comiss\u00e3o de Controle Sanit\u00e1rio de MS para pactuar a\u00e7\u00f5es de combate ao coronav\u00edrus<\/a>\u00a0<\/u>&#8211;\u00a0A partir da pr\u00f3xima semana as a\u00e7\u00f5es de enfrentamento ao coronav\u00edrus em Bonito ser\u00e3o intensificadas, com refor\u00e7o das for\u00e7as de Seguran\u00e7a P\u00fablica do Estado de MS. As barreiras sanit\u00e1rias ser\u00e3o retomadas e os pacientes positivos ativos receber\u00e3o visitas di\u00e1rias de uma equipe do Corpo de Bombeiros Militar e da Vigil\u00e2ncia em Sa\u00fade do munic\u00edpio.<\/span><\/p>\n<p style=\"margin-left:0cm; margin-right:0cm\"><em><span style=\"color:#ffffff\"><span style=\"font-size:20px\"><span style=\"background-color:#27ae60\">Julho\u00a0<\/span><\/span><\/span><\/em><em><span style=\"color:#ffffff\"><span style=\"font-size:20px\"><span style=\"background-color:#27ae60\">| 2020<\/span><\/span><\/span><\/em><\/p>\n<p style=\"margin-left:0cm; margin-right:0cm\"><span style=\"font-size:20px\"><span style=\"font-family:\"Calibri\",\"sans-serif\"\"><a href=\"https:\/\/www.facebook.com\/102400571406170\/photos\/pcb.170411441271749\/170411337938426\/?type=3&#038;theater\" style=\"color:blue; text-decoration:underline\" target=\"_blank\" rel=\"noopener\">96 pacientes est\u00e3o recuperados e liberados do isolamento domiciliar e onze casos est\u00e3o em investiga\u00e7\u00e3o<\/a>\u00a0&#8211;\u00a0<\/span>\u00a0A Secretaria Municipal de Sa\u00fade informa que 102 casos foram confirmados,\u00a096 pacientes est\u00e3o recuperados e liberados do isolamento domiciliar e onze casos est\u00e3o em investiga\u00e7\u00e3o.Todos casos s\u00e3o acompanhados por nossas equipes de sa\u00fade, caso apresentem sintomas, ser\u00e3o testados de acordo com os crit\u00e9rios do Minist\u00e9rio da Sa\u00fade.<\/span><\/p>\n<p style=\"margin-left:0cm; margin-right:0cm\"><span style=\"font-size:20px\"><span style=\"font-family:Calibri,sans-serif\"><a href=\"http:\/\/www.bonito.ms.gov.br\/noticias\/bonito-fecha-a-semana-com-101-casos-confirmados-de-coronavirus\" style=\"color:blue; text-decoration:underline\" target=\"_blank\" rel=\"noopener\">Bonito fecha a semana com 101 casos confirmados de coronav\u00edrus<\/a><\/span>\u00a0&#8211;\u00a0O munic\u00edpio chegou aos 101 casos confirmados de coronav\u00edrus nesta quinta-feira (16) e conforme boletim epidemiol\u00f3gico estadual, n\u00e3o h\u00e1 novas confirma\u00e7\u00f5es nesta sexta-feira (17). O n\u00famero de casos suspeitos caiu de 28 para 23.<\/span><\/p>\n<p style=\"margin-left:0cm; margin-right:0cm\"><span style=\"font-size:20px\"><span style=\"font-family:Calibri,sans-serif\"><a href=\"https:\/\/www.facebook.com\/102400571406170\/photos\/pcb.168052294840997\/168052024841024\/?type=3&#038;theater\" style=\"color:blue; text-decoration:underline\" target=\"_blank\" rel=\"noopener\">92 pacientes est\u00e3o recuperados e liberados do isolamento domiciliar e vinte e tr\u00eas casos est\u00e3o em investiga\u00e7\u00e3o.<\/a>\u00a0&#8211;\u00a0<\/span>A Secretaria Municipal de Sa\u00fade informa que 98 casos foram confirmados,\u00a092 pacientes est\u00e3o recuperados e liberados do isolamento domiciliar e vinte e tr\u00eas casos est\u00e3o em investiga\u00e7\u00e3o. Todos casos s\u00e3o acompanhados por nossas equipes de sa\u00fade, caso apresentem sintomas, ser\u00e3o testados de acordo com os crit\u00e9rios do Minist\u00e9rio da Sa\u00fade.<\/span><\/p>\n<p style=\"margin-left:0cm; margin-right:0cm\"><span style=\"font-size:20px\"><span style=\"font-family:Calibri,sans-serif\"><a href=\"http:\/\/www.bonito.ms.gov.br\/noticias\/em-bonito-80-pessoas-ja-estao-curadas-do-coronavirus-e-16-seguem-em-isolamento\" style=\"color:blue; text-decoration:underline\" target=\"_blank\" rel=\"noopener\">80 pessoas j\u00e1 est\u00e3o curadas do coronav\u00edrus e 16 seguem em isolamento<\/a>\u00a0&#8211;\u00a0<\/span>Conforme Boletim Epidemiol\u00f3gico da Secretaria Estadual de Sa\u00fade, o munic\u00edpio n\u00e3o registrou novos casos de Covid-19 nesta segunda-feira (13), permanecendo com 96 confirma\u00e7\u00f5es, sendo que destas, 80 j\u00e1 est\u00e3o curadas e receberam alta do isolamento domiciliar. Entre os pacientes que ainda est\u00e3o com a doen\u00e7a ativa, 2 seguem internados e um 14 est\u00e3o em casa.<\/span><\/p>\n<p style=\"margin-left:0cm; margin-right:0cm\"><span style=\"font-size:20px\"><span style=\"font-family:Calibri,sans-serif\"><a href=\"https:\/\/www.facebook.com\/102400571406170\/photos\/pcb.165179151794978\/165178991794994\/?type=3&#038;theater\" style=\"color:blue; text-decoration:underline\" target=\"_blank\" rel=\"noopener\">A Secretaria Municipal de Sa\u00fade informa que 69 pacientes est\u00e3o recuperados e liberados do isolamento domiciliar e trinta e tr\u00eas casos est\u00e3o em investiga\u00e7\u00e3o.<\/a>\u00a0&#8211;\u00a0\u00a0<\/span>A Secretaria Municipal de Sa\u00fade informa que 91 casos foram confirmados,\u00a069 pacientes est\u00e3o recuperados e liberados do isolamento domiciliar e trinta e tr\u00eas casos est\u00e3o em investiga\u00e7\u00e3o.Todos casos s\u00e3o acompanhados por nossas equipes de sa\u00fade, caso apresentem sintomas, ser\u00e3o testados de acordo com os crit\u00e9rios do Minist\u00e9rio da Sa\u00fade.<\/span><\/p>\n<p style=\"margin-left:0cm; margin-right:0cm\"><span style=\"font-size:20px\"><span style=\"font-family:Calibri,sans-serif\"><a href=\"https:\/\/www.facebook.com\/102400571406170\/photos\/pcb.163244855321741\/163244738655086\/?type=3&#038;theater\" style=\"color:blue; text-decoration:underline\" target=\"_blank\" rel=\"noopener\">A Secretaria Municipal de Sa\u00fade informa que 65 pacientes est\u00e3o recuperados e liberados do isolamento domiciliar e dezessete casos est\u00e3o em investiga\u00e7\u00e3o.<\/a>\u00a0&#8211;\u00a0<\/span>A Secretaria Municipal de Sa\u00fade informa que 87 casos foram confirmados,\u00a065 pacientes est\u00e3o recuperados e liberados do isolamento domiciliar e dezessete casos est\u00e3o em investiga\u00e7\u00e3o.\u00a0Todos casos s\u00e3o acompanhados por nossas equipes de sa\u00fade, caso apresentem sintomas, ser\u00e3o testados de acordo com os crit\u00e9rios do Minist\u00e9rio da Sa\u00fade.<\/span><\/p>\n<p style=\"margin-left:0cm; margin-right:0cm\"><span style=\"font-size:20px\"><span style=\"font-family:\"Calibri\",\"sans-serif\"\"><a href=\"http:\/\/www.bonito.ms.gov.br\/noticias\/guias-de-turismo-recebem-imunizacao-contra-gripe-em-bonito?fbclid=IwAR1l-vzIuUMsgD7lyGwrEFRieagewOgR3swN0azg1GsjbaH7kiNSrMnS-Y0#.Xv5PED5894k.facebook\" style=\"color:blue; text-decoration:underline\" target=\"_blank\" rel=\"noopener\">Guias de turismo recebem imuniza\u00e7\u00e3o contra gripe em Bonito<\/a>\u00a0&#8211;\u00a0<\/span>O munic\u00edpio de Bonito, atrav\u00e9s das secretarias de Sa\u00fade e Turismo, atendendo a renvidica\u00e7\u00e3o da Associa\u00e7\u00e3o dos Guias de Turismo de Bonito (AGTB), disponibilizou vacinas trivalente (H1N1) para atender a classe. A campanha de vacina\u00e7\u00e3o da gripe terminou no dia 30 de junho e atingiu mais de 90% do p\u00fablico alvo no munic\u00edpio. Os guias est\u00e3o sendo beneficiados com a vacina por estarem na linha de frente do atendimento ao turista e, com a retomada do turismo, estar\u00e3o mais expostos a riscos.<\/span><\/p>\n<p style=\"margin-left:0cm; margin-right:0cm\"><span style=\"font-size:20px\"><span style=\"font-family:Calibri,sans-serif\"><a href=\"https:\/\/www.facebook.com\/Secretaria-Municipal-de-Sa%C3%BAde-BonitoMS-102400571406170\/photos\/pcb.162350518744508\/162350388744521\/\" style=\"color:blue; text-decoration:underline\" target=\"_blank\" rel=\"noopener\">A Secretaria Municipal de Sa\u00fade informa que 84 confirmados, 57 pacientes est\u00e3o recuperados e liberados do isolamento domiciliar e quatorze casos est\u00e3o em investiga\u00e7\u00e3o.<\/a>\u00a0&#8211; 84 confirmados,\u00a0<\/span>57 pacientes est\u00e3o recuperados e liberados do isolamento domiciliar e quatorze casos est\u00e3o em investiga\u00e7\u00e3o. Todos casos s\u00e3o acompanhados por nossas equipes de sa\u00fade, caso apresentem sintomas, ser\u00e3o testados de acordo com os crit\u00e9rios do Minist\u00e9rio da Sa\u00fade.<\/span><\/p>\n<h1><span style=\"font-size:20px\"><span style=\"font-family:Calibri,sans-serif\"><a href=\"http:\/\/www.bonito.ms.gov.br\/noticias\/covid-19-municipio-fecha-junho-com-77-casos-positivos-e-53-recuperados\" style=\"color:blue; text-decoration:underline\" target=\"_blank\" rel=\"noopener\">Munic\u00edpio fecha junho com 77 casos positivos e 53 recuperados<\/a>\u00a0&#8211;\u00a0<\/span>O \u00faltimo boletim epidemiol\u00f3gico do coronav\u00edrus de junho, divulgado pela Secret\u00e1ria Municipal de Sa\u00fade de Bonito nesta ter\u00e7a-feira (30) destaca que 77 pessoas testaram positivo para doen\u00e7a no munic\u00edpio at\u00e9 o momento. A primeira confirma\u00e7\u00e3o foi em 7 de maio, com um paciente de 81 anos, que contraiu a doen\u00e7a em S\u00e3o Paulo e ao retornar para o munic\u00edpio j\u00e1 n\u00e3o estava mais em fase de transmiss\u00e3o. Os casos seguintes, do 2 ao 48 est\u00e3o relacionados a contamina\u00e7\u00e3o no frigor\u00edfico de Bonito.<\/span><\/h1>\n<p style=\"margin-left:0cm; margin-right:0cm\"><em><span style=\"color:#ffffff\"><span style=\"font-size:20px\"><span style=\"background-color:#27ae60\">Junho\u00a0<\/span><\/span><\/span><\/em><em><span style=\"color:#ffffff\"><span style=\"font-size:20px\"><span style=\"background-color:#27ae60\">| 2020<\/span><\/span><\/span><\/em><\/p>\n<p style=\"margin-left:0cm; margin-right:0cm\"><span style=\"font-family:Calibri,sans-serif; font-size:20px\"><a href=\"https:\/\/www.facebook.com\/102400571406170\/photos\/pcb.160900925556134\/160900512222842\/?type=3&#038;theater\" style=\"color: blue;\" target=\"_blank\" rel=\"noopener\">A Secretaria Municipal de Sa\u00fade informa que 77 casos foram confirmados,\u00a053 pacientes est\u00e3o recuperados e liberados do isolamento domiciliar e dez casos est\u00e3o em investiga\u00e7\u00e3o.<\/a>\u00a0&#8211; 77 casos foram confiramdos,\u00a0<\/span><span style=\"font-size:20px\">53 pacientes est\u00e3o recuperados e liberados do isolamento domiciliar e dez casos est\u00e3o em investiga\u00e7\u00e3o.\u00a0Todos casos s\u00e3o acompanhados por nossas equipes de sa\u00fade, caso apresentem sintomas, ser\u00e3o testados de acordo com os crit\u00e9rios do Minist\u00e9rio da Sa\u00fade.<\/span><\/p>\n<p style=\"margin-left:0cm; margin-right:0cm\"><span style=\"font-size:20px\"><span style=\"font-family:Calibri,sans-serif\"><a href=\"http:\/\/www.bonito.ms.gov.br\/noticias\/decreto-e-prorrogado-ate-31-de-julho-e-uso-obrigatorio-de-mascaras-continua-valendo\" style=\"color:blue; text-decoration:underline\" target=\"_blank\" rel=\"noopener\">Decreto \u00e9 prorrogado at\u00e9 31 de julho e uso obrigat\u00f3rio de m\u00e1scaras continua valendo\u00a0<\/a>\u00a0<\/span>\u00a0&#8211;\u00a0O Comit\u00ea de Preven\u00e7\u00e3o e Enfrentamento ao Coronav\u00edrus em Bonito se reuniu na manh\u00e3 desta sexta-feira (26) para debater a continuidade do decreto 143\/2020, aprovado no dia 17 de junho. O grupo decidiu por manter as medidas de seguran\u00e7a at\u00e9 31 de julho, incluindo o uso obrigat\u00f3rio de m\u00e1scaras em todo o munic\u00edpio e toque de recolher entre \u00e0s 23h e \u00e1s 5 horas.<\/span><\/p>\n<p style=\"margin-left:0cm; margin-right:0cm\"><span style=\"font-size:20px\"><span style=\"font-family:Calibri,sans-serif\"><a href=\"https:\/\/www.facebook.com\/102400571406170\/photos\/pcb.159357722377121\/159357349043825\/?type=3&#038;theater\" style=\"color:blue; text-decoration:underline\" target=\"_blank\" rel=\"noopener\">A Secretaria Municipal de Sa\u00fade informa que 50 pacientes est\u00e3o recuperados e liberados do isolamento domiciliar e dezesseis casos est\u00e3o em investiga\u00e7\u00e3o.\u00a0<\/a>\u00a0&#8211; 68 casos confirmados de COVID\u00a0e\u00a0<\/span>50 pacientes est\u00e3o recuperados e liberados do isolamento domiciliar e dezesseis casos est\u00e3o em investiga\u00e7\u00e3o.\u00a0<\/span><\/p>\n<p><span style=\"font-size:20px\">Todos casos s\u00e3o acompanhados por nossas equipes de sa\u00fade, caso apresentem sintomas, ser\u00e3o testados de acordo com os crit\u00e9rios do Minist\u00e9rio da Sa\u00fade.<\/span><\/p>\n<h1><span style=\"font-size:20px\"><span style=\"font-family:Calibri,sans-serif\"><a href=\"http:\/\/www.bonito.ms.gov.br\/noticias\/seis-segmentos-de-bonito-apresentaram-protocolos-de-biosseguranca-confira-aqui-\" style=\"color:blue; text-decoration:underline\" target=\"_blank\" rel=\"noopener\">Sete segmentos de Bonito apresentaram Protocolos de Biosseguran\u00e7a.<\/a>\u00a0&#8211;\u00a0<\/span>A retomada do turismo em Bonito, que deve acontecer oficialmente a partir de 1\u00ba de julho, est\u00e1 sendo amparada por uma s\u00e9rie de medidas de seguran\u00e7a, especificadas em protocolos para cada segmento, que abrangem desde os EPIs (Equipamentos de Prote\u00e7\u00e3o Individual) que devem ser utilizados em cada ocasi\u00e3o, forma correta de higieniza\u00e7\u00e3o dos locais, tanto de uso coletivo, como dos quartos de hot\u00e9is e pousadas, at\u00e9 medi\u00e7\u00e3o de temperatura para embarque em ve\u00edculos de transporte de passageiros.<\/span><\/h1>\n<p style=\"margin-left:0cm; margin-right:0cm\"><span style=\"font-size:20px\"><span style=\"font-family:Calibri,sans-serif\"><a href=\"https:\/\/www.facebook.com\/102400571406170\/photos\/pcb.157974535848773\/157974292515464\/?type=3&#038;theater\" style=\"color:blue; text-decoration:underline\" target=\"_blank\" rel=\"noopener\">A Secretaria Municipal de Sa\u00fade informa que 49 pacientes est\u00e3o recuperados e liberados do isolamento domiciliar e doze casos est\u00e3o em investiga\u00e7\u00e3o.<\/a>\u00a0&#8211; 66 casos confirmados,\u00a0<\/span>49 pacientes est\u00e3o recuperados e liberados do isolamento domiciliar e doze casos est\u00e3o em investiga\u00e7\u00e3o.\u00a0Todos casos s\u00e3o acompanhados por nossas equipes de sa\u00fade, caso apresentem sintomas, ser\u00e3o testados de acordo com os crit\u00e9rios do Minist\u00e9rio da Sa\u00fade.<\/span><\/p>\n<p style=\"margin-left:0cm; margin-right:0cm\"><span style=\"font-size:20px\"><span style=\"font-family:Calibri,sans-serif\"><a href=\"https:\/\/www.facebook.com\/102400571406170\/photos\/pcb.156740445972182\/156739472638946\/?type=3&#038;theater\" style=\"color:blue; text-decoration:underline\" target=\"_blank\" rel=\"noopener\">49 pacientes est\u00e3o recuperados e liberados do isolamento domiciliar<\/a>\u00a0&#8211;\u00a0<\/span>A Secretaria Municipal de Sa\u00fade informa que 49 pacientes est\u00e3o recuperados e liberados do isolamento domiciliar e cinco casos est\u00e3o em investiga\u00e7\u00e3o.Todos casos s\u00e3o acompanhados por nossas equipes de sa\u00fade, caso apresentem sintomas, ser\u00e3o testados de acordo com os crit\u00e9rios do Minist\u00e9rio da Sa\u00fade.<\/span><\/p>\n<p style=\"margin-left:0cm; margin-right:0cm\"><span style=\"font-size:20px\"><span style=\"font-family:\"Calibri\",\"sans-serif\"\"><a href=\"http:\/\/www.bonito.ms.gov.br\/noticias\/com-abertura-do-turismo-toque-de-recolher-passa-a-ser-das-23h-as-5-horas\" style=\"color:blue; text-decoration:underline\" target=\"_blank\" rel=\"noopener\">Com abertura do turismo, toque de recolher passa a ser das 23h \u00e0s 5 horas<\/a>:\u00a0<\/span>Uso de m\u00e1scaras continua sendo obrigat\u00f3rio e fundamental na prote\u00e7\u00e3o individual<\/span><\/p>\n<p style=\"margin-left:0cm; margin-right:0cm\"><span style=\"font-size:20px\"><span style=\"font-family:\"Calibri\",\"sans-serif\"\"><a href=\"https:\/\/www.facebook.com\/102400571406170\/photos\/pcb.155812996064927\/155812816064945\/?type=3&#038;theater\" style=\"color:blue; text-decoration:underline\" target=\"_blank\" rel=\"noopener\">A Secretaria Municipal de Sa\u00fade informa que 45 pacientes est\u00e3o recuperados e liberados do isolamento domiciliar e sete casos est\u00e3o em investiga\u00e7\u00e3o.<\/a>\u00a0&#8211;\u00a0<\/span>Secretaria Municipal de Sa\u00fade informa que 45 pacientes est\u00e3o recuperados e liberados do isolamento domiciliar e sete casos est\u00e3o em investiga\u00e7\u00e3o.Todos casos s\u00e3o acompanhados por nossas equipes de sa\u00fade, caso apresentem sintomas, ser\u00e3o testados de acordo com os crit\u00e9rios do Minist\u00e9rio da Sa\u00fade.<\/span><\/p>\n<h1><span style=\"font-size:20px\"><span style=\"font-family:Calibri,sans-serif\"><a href=\"http:\/\/www.bonito.ms.gov.br\/noticias\/associacoes-dos-bares-e-restaurantes-e-do-transporte-apresentam-protocolos-de-biosseguranca?fbclid=IwAR2EZ7YXXlU7YdcyQMyiSecMiuvnC1HyDfB6iexGmrFGGVSwcTRCe0X9EI4\" style=\"color:blue; text-decoration:underline\" target=\"_blank\" rel=\"noopener\">Associa\u00e7\u00f5es dos Bares e Restaurantes e do Transporte apresentam protocolos de Biosseguran\u00e7a<\/a>\u00a0&#8211;\u00a0<\/span>A ABRASEL Serra da Bodoquena (Associa\u00e7\u00e3o Brasileira de Bares e Restaurantes) e a ABETTUL (Associa\u00e7\u00e3o Bonitense das Empresas de Transporte Tur\u00edsticos e Locadoras) apresentaram seus protocolos de Biosseguran\u00e7a, para reabertura do turismo em Bonito, na manh\u00e3 desta segunda-feira (15).<\/span><\/h1>\n<p style=\"margin-left:0cm; margin-right:0cm\"><span style=\"font-size:20px\"><span style=\"font-family:Calibri,sans-serif\"><a href=\"https:\/\/www.facebook.com\/Secretaria-Municipal-de-Sa%C3%BAde-BonitoMS-102400571406170\/photos\/pcb.154934269486133\/154932272819666\/\" style=\"color:blue; text-decoration:underline\" target=\"_blank\" rel=\"noopener\">A Secretaria Municipal de Sa\u00fade informa que 37 pacientes est\u00e3o recuperados e liberados do isolamento domiciliar e tr\u00eas casos est\u00e3o em investiga\u00e7\u00e3o.<\/a>\u00a0&#8211;\u00a0<\/span>A Secretaria Municipal de Sa\u00fade informa que 37 pacientes est\u00e3o recuperados e liberados do isolamento domiciliar e tr\u00eas casos est\u00e3o em investiga\u00e7\u00e3o.\u00a0Todos casos s\u00e3o acompanhados por nossas equipes de sa\u00fade, caso apresentem sintomas, ser\u00e3o testados de acordo com os crit\u00e9rios do Minist\u00e9rio da Sa\u00fade.<\/span><\/p>\n<p style=\"margin-left:0cm; margin-right:0cm\"><span style=\"font-size:20px\"><span style=\"font-family:Calibri,sans-serif\"><a href=\"https:\/\/www.facebook.com\/102400571406170\/photos\/pcb.153034689676091\/153027106343516\/?type=3&#038;theater\" style=\"color:blue; text-decoration:underline\" target=\"_blank\" rel=\"noopener\">Secretaria Municipal de Sa\u00fade informa\u00a0um novo caso confirmado e dois est\u00e3o em investiga\u00e7\u00e3o.<\/a><\/span> &#8211;\u00a0A Secretaria Municipal de Sa\u00fade informa que 35 pacientes est\u00e3o recuperados e liberados do isolamento domiciliar e um novo caso confirmado e dois est\u00e3o em investiga\u00e7\u00e3o.\u00a0Todos casos s\u00e3o acompanhados por nossas equipes de sa\u00fade, caso apresentem sintomas, ser\u00e3o testados de acordo com os crit\u00e9rios do Minist\u00e9rio da Sa\u00fade.<\/span><\/p>\n<h1><span style=\"font-size:20px\"><span style=\"font-family:Calibri,sans-serif\"><a href=\"http:\/\/www.bonito.ms.gov.br\/secretaria-de-industria-turismo-e-comercio\/atratur-e-abaetur-entregam-protocolos-de-biosseguranca\" style=\"color:blue; text-decoration:underline\" target=\"_blank\" rel=\"noopener\">ATRATUR e ABAETUR entregam Protocolos de Biosseguran\u00e7a<\/a>\u00a0&#8211;\u00a0<\/span>A ATRATUR (Associa\u00e7\u00e3o dos Atrativos Tur\u00edsticos de Bonito e Regi\u00e3o) e a ABAETUR (Associa\u00e7\u00e3o Bonitense de Ag\u00eancias de Ecoturismo) entregaram, nesta ter\u00e7a-feira (9), os protocolos de Biosseguran\u00e7a, com as orienta\u00e7\u00f5es para reabertura, prevista oficialmente para 1\u00ba de julho. Os dois documentos se complementam, garantido a seguran\u00e7a dos visitantes desde a escolha e agendamento at\u00e9 o momento do passeio em si.<\/span><\/h1>\n<p style=\"margin-left:0cm; margin-right:0cm\"><span style=\"font-size:20px\"><span style=\"font-family:Calibri,sans-serif\"><a href=\"http:\/\/www.bonito.ms.gov.br\/secretaria-de-saude\/coronavirus-pelo-5-dia-consecutivo-bonito-nao-registra-novos-casos\" style=\"color:blue; text-decoration:underline\" target=\"_blank\" rel=\"noopener\">Pelo 5\u00ba dia consecutivo Bonito n\u00e3o registra novos casos<\/a><\/span>\u00a0&#8211;\u00a0\u00a0O munic\u00edpio de Bonito estabilizou o n\u00famero de casos positivos de coronav\u00edrus. Desde a \u00faltima quinta-feira (4) n\u00e3o houve nenhum novo registro da doen\u00e7a, permanecendo em 49 confirma\u00e7\u00f5es. Tamb\u00e9m n\u00e3o h\u00e1 casos em investiga\u00e7\u00e3o no momento e 35 pessoas j\u00e1 est\u00e3o curadas.<\/span><\/p>\n<p style=\"margin-left:0cm; margin-right:0cm\"><span style=\"font-size:20px\"><span style=\"font-family:Calibri,sans-serif\"><a href=\"http:\/\/www.bonito.ms.gov.br\/noticias\/selo-de-boas-praticas-e-condutas-sanitarias-serao-adotados-na-retomada-do-turismo\" style=\"color:blue; text-decoration:underline\" target=\"_blank\" rel=\"noopener\">Selo de Boas Pr\u00e1ticas e Condutas Sanit\u00e1rias ser\u00e3o adotados na retomada do turismo<\/a>\u00a0&#8211;\u00a0<\/span>O F\u00f3rum Nacional dos Secret\u00e1rios e Dirigentes Estaduais de Turismo (Fornatur) e Minist\u00e9rio do Turismo (MTur) discutiu, durante esta \u00faltima semana, protocolos e procedimentos de implementa\u00e7\u00e3o do Selo de Boas Pr\u00e1ticas e Condutas Sanit\u00e1rias para o turismo. O selo ser\u00e1 orientativo e pretende ajudar a validar as boas pr\u00e1ticas dos prestadores de servi\u00e7o e empreendimentos tur\u00edsticos diante da pandemia do novo coronav\u00edrus.<\/span><\/p>\n<p style=\"margin-left:0cm; margin-right:0cm\"><span style=\"font-size:20px\"><span style=\"font-family:Calibri,sans-serif\"><a href=\"http:\/\/www.bonito.ms.gov.br\/acoes-de-governo\/atencao-toque-de-recolher-e-uso-obrigatorio-de-mascaras-continuam-valendo\" style=\"color:blue; text-decoration:underline\" target=\"_blank\" rel=\"noopener\">Toque de recolher e uso obrigat\u00f3rio de m\u00e1scaras continuam valendo<\/a>\u00a0<\/span>&#8211;\u00a0O toque de recolher das 20h \u00e0s 5 h, assim como o uso obrigat\u00f3rio de m\u00e1scaras para todos ao circularem em vias p\u00fablicas do munic\u00edpio de Bonito, ou em qualquer estabelecimento comercial, continua em vigor, conforme previsto no decreto 117\/2020, publicado em 20 de maio. As mudan\u00e7as anunciadas em 1\u00ba de junho s\u00e3o relativas apenas a abertura de atrativos, meios de hospedagem e rodovi\u00e1ria.<\/span><\/p>\n<p style=\"margin-left:0cm; margin-right:0cm\"><span style=\"font-size:20px\"><span style=\"font-family:Calibri,sans-serif\"><a href=\"https:\/\/www.facebook.com\/102400571406170\/photos\/pcb.151255763187317\/151255613187332\/?type=3&#038;theater\" style=\"color:blue; text-decoration:underline\" target=\"_blank\" rel=\"noopener\">A Secretaria Municipal de Sa\u00fade informa que 34 pacientes est\u00e3o recuperados e liberados do isolamento domiciliar.<\/a>\u00a0&#8211;\u00a0<\/span>A Secretaria Municipal de Sa\u00fade informa que 34 pacientes est\u00e3o recuperados e liberados do isolamento domiciliar.\u00a0Todos casos s\u00e3o acompanhados por nossas equipes de sa\u00fade, caso apresentem sintomas, ser\u00e3o testados de acordo com os crit\u00e9rios do Minist\u00e9rio da Sa\u00fade.<\/span><\/p>\n<p style=\"margin-left:0cm; margin-right:0cm\">\u00a0<\/p>\n<p style=\"margin-left:0cm; margin-right:0cm\"><span style=\"font-size:20px\"><span style=\"font-family:\"Times New Roman\",serif\"><a href=\"http:\/\/www.bonito.ms.gov.br\/noticias\/coronavirus-dos-49-casos-positivos-em-bonito-32-ja-estao-curados\" style=\"color:blue; text-decoration:underline\" target=\"_blank\" rel=\"noopener\">Dos 49 casos positivos em Bonito, 32 j\u00e1 est\u00e3o curados<\/a>\u00a0&#8211;\u00a0<\/span>A Secretaria Municipal de Sa\u00fade informou nesta sexta-feira (5) que 32 pacientes, que testaram positivo para o Covid-19 em Bonito, j\u00e1 est\u00e3o curados e receberam alta do isolamento domiciliar. Conforme o boletim epidemiol\u00f3gico, dos 49 casos confirmados at\u00e9 agora, apenas 17 seguem em isolamento e nenhum sob investiga\u00e7\u00e3o. Outras 80 suspeitas foram descartadas.<\/span><\/p>\n<p style=\"margin-left:0cm; margin-right:0cm\"><span style=\"font-size:20px\"><span style=\"font-family:\"Calibri\",\"sans-serif\"\"><a href=\"https:\/\/www.facebook.com\/102400571406170\/photos\/pcb.150306549948905\/150304633282430\/?type=3&#038;theater\" style=\"color:blue; text-decoration:underline\" target=\"_blank\" rel=\"noopener\">Secretaria Municipal de Sa\u00fade informa que mais um caso foi confirmado.<\/a>\u00a0&#8211;\u00a0<\/span>Secretaria Municipal de Sa\u00fade informa que mais um casos foi identificado, total de 49 casos confirmados\u00a0e desses 49 confirmados, 19 j\u00e1 est\u00e3o recuperados.\u00a0Todos casos s\u00e3o acompanhados por nossas equipes de sa\u00fade, caso apresentem sintomas, ser\u00e3o testados de acordo com os crit\u00e9rios do Minist\u00e9rio da Sa\u00fade.<\/span><\/p>\n<p style=\"margin-left:0cm; margin-right:0cm\"><span style=\"font-size:11.0pt\"><span style=\"font-family:\"Calibri\",\"sans-serif\"\"><span style=\"font-size:20px\"><a href=\"https:\/\/www.facebook.com\/102400571406170\/photos\/pcb.149816886664538\/149816793331214\/?type=3&#038;theater\" style=\"color:blue; text-decoration:underline\" target=\"_blank\" rel=\"noopener\">A Secretaria Municipal de Sa\u00fade informa que mais dois casos foram confirmados e 19 pacientes j\u00e1 est\u00e3o recuperados.<\/a>\u00a0<\/span>&#8211;\u00a0<\/span><\/span><span style=\"font-size:20px\">Secretaria Municipal de Sa\u00fade informa que mais dois caso\u00a0confirmados, 19 j\u00e1 est\u00e3o recuperados.\u00a0Todos casos s\u00e3o acompanhados por nossas equipes de sa\u00fade, caso apresentem sintomas, ser\u00e3o testados de acordo com os crit\u00e9rios do Minist\u00e9rio da Sa\u00fade.<\/span><\/p>\n<p style=\"margin-left:0cm; margin-right:0cm\">\u00a0<\/p>\n<p style=\"margin-left:0cm; margin-right:0cm\"><em><span style=\"color:#ffffff\"><span style=\"font-size:20px\"><span style=\"background-color:#27ae60\">Maio | \u00a02020<\/span><\/span><\/span><\/em><\/p>\n<p style=\"margin-left:0cm; margin-right:0cm\"><span style=\"font-size:20px\"><span style=\"font-family:Calibri,sans-serif\"><a href=\"https:\/\/www.facebook.com\/photo\/?fbid=148335113479382&#038;set=pcb.148335386812688\" style=\"color:blue; text-decoration:underline\" target=\"_blank\" rel=\"noopener\">A Secretaria Municipal de Sa\u00fade informa que mais um caso foi identificado e desses 46 confirmados, 13 j\u00e1 est\u00e3o recuperados.<\/a>\u00a0<\/span><\/span><span style=\"font-size:20px\">Secretaria Municipal de Sa\u00fade informa que mais um casos foi identificado e desses 46 confirmados, 13 j\u00e1 est\u00e3o recuperados.\u00a0Todos casos s\u00e3o acompanhados por nossas equipes de sa\u00fade, caso apresentem sintomas, ser\u00e3o testados de acordo com os crit\u00e9rios do Minist\u00e9rio da Sa\u00fade.<\/span><\/p>\n<p style=\"margin-left:0cm; margin-right:0cm\">\u00a0<\/p>\n<p style=\"margin-left:0cm; margin-right:0cm\"><span style=\"font-family:Calibri,sans-serif; font-size:20px\"><a href=\"https:\/\/www.facebook.com\/photo?fbid=147801790199381&#038;set=pcb.147802743532619\" style=\"color: blue;\" target=\"_blank\" rel=\"noopener\">A Secretaria Municipal de Sa\u00fade informa que dos 45 confirmados, 13 j\u00e1 est\u00e3o recuperados.<\/a>\u00a0&#8211;\u00a0<\/span><span style=\"font-size:20px\">A Secretaria Municipal de Sa\u00fade informa que mais 1 caso foi confirmado por meio de teste r\u00e1pido do Minist\u00e9rio da Sa\u00fade, totalizando 45 e\u00a013 casos j\u00e1 est\u00e3o recuperados.<\/span><\/p>\n<p style=\"margin-left:0cm; margin-right:0cm\"><span style=\"font-size:20px\"><span style=\"font-family:\"Calibri\",\"sans-serif\"\"><a href=\"http:\/\/www.bonito.ms.gov.br\/secretaria-de-saude\/covid-19-casos-positivos-estao-isolados-e-municipio-nao-tem-transmissao-comunitaria\" style=\"color:blue; text-decoration:underline\" target=\"_blank\" rel=\"noopener\">casos positivos est\u00e3o isolados e munic\u00edpio n\u00e3o tem transmiss\u00e3o comunit\u00e1ria<\/a>\u00a0&#8211;\u00a0<\/span>A Secretaria Municipal de Sa\u00fade confirmou 44 casos positivos de COVID-19 nesta quinta-feira (28) em Bonito. Os novos casos permanecem ligados a familiares ou pessoas pr\u00f3ximas dos funcion\u00e1rios do Frigor\u00edfico Franca Com\u00e9rcio de Alimentos, testados na \u00faltima sexta-feira (22) em a\u00e7\u00e3o da Secretaria por orienta\u00e7\u00e3o do Minist\u00e9rio do Trabalho.<\/span><\/p>\n<h1><span style=\"font-size:11pt\"><span style=\"font-family:Calibri,sans-serif\"><span style=\"font-size:15.0pt\"><a href=\"http:\/\/www.bonito.ms.gov.br\/secretaria-de-saude\/covid-19-municipio-tem-40-casos-confirmados-e-9-pessoas-recuperadas\" style=\"color:blue; text-decoration:underline\" target=\"_blank\" rel=\"noopener\">Munic\u00edpio tem 40 casos confirmados e 9 pessoas recuperadas<\/a>&#8211;\u00a0<\/span><\/span><\/span><span style=\"font-size:20px\">A Secretaria Municipal de Sa\u00fade registrou 9 novos casos positivos de coronav\u00edrus nesta quarta-feira (27) em Bonito. Os pacientes s\u00e3o familiares ou pessoas pr\u00f3ximas aos funcion\u00e1rios do Frigor\u00edfico Franca Com\u00e9rcio de Alimentos, que testaram positivo em a\u00e7\u00e3o realizada no local, pela Secretaria, na sexta-feira (22). Ao todo, o munic\u00edpio agora tem 40 casos confirmados da doen\u00e7a, sendo que destes 9 tamb\u00e9m j\u00e1 est\u00e3o curados e receberam alta do isolamento domiciliar.<\/span><\/h1>\n<p style=\"margin-left:0cm; margin-right:0cm\"><span style=\"font-size:20px\"><span style=\"font-family:Calibri,sans-serif\"><a href=\"http:\/\/www.bonito.ms.gov.br\/secretaria-de-industria-turismo-e-comercio\/prefeitura-aprova-protocolo-de-biosseguranca-confira-aqui-o-documento-na-integra-?fbclid=IwAR2civapuCo4VDJnnG9z8_vnctLXQF8dOyosNTfDrJCKaIO6Rp953P2AxC8\" style=\"color:blue; text-decoration:underline\" target=\"_blank\" rel=\"noopener\">Bonito est\u00e1 entre os tr\u00eas munic\u00edpios com melhor \u00edndice de isolamento no Estado<\/a>\u00a0&#8211;\u00a0<\/span>O Protocolo de Biosseguran\u00e7a, elaborado pelo SESI MS (Servi\u00e7o Social da Ind\u00fastria de MS), com apoio do SESC, SEBRAE e FIEMS, e entregue pela ABH (Associa\u00e7\u00e3o Bonitense de Hotelaria) nesta segunda-feira (25) ao prefeito Odilson Arruda Soares, foi aprovado pelo Executivo Municipal e ser\u00e1 disponibilizada aos empres\u00e1rios a partir desta ter\u00e7a-feira (26).<\/span><\/p>\n<p style=\"margin-left:0cm; margin-right:0cm\"><span style=\"font-size:20px\"><span style=\"font-family:Calibri,sans-serif\"><a href=\"https:\/\/www.facebook.com\/photo\/?fbid=144229007223326&#038;set=a.103531941293033\" style=\"color:blue; text-decoration:underline\" target=\"_blank\" rel=\"noopener\">Secretaria Municipal de Sa\u00fade informa a confirma\u00e7\u00e3o de mais 16 casos <\/a>\u00a0&#8211;\u00a0<\/span>A Secretaria Municipal de Sa\u00fade informa a confirma\u00e7\u00e3o de mais 16 casos,\u00a0totalizando 32 casos confirmados. Outros 3 pacientes tamb\u00e9m receberam alta do isolamento e est\u00e3o recuperados.<\/span><\/p>\n<p style=\"margin-left:0cm; margin-right:0cm\">\u00a0<\/p>\n<p><span style=\"font-size:20px\"><u><span style=\"font-family:Calibri,sans-serif\"><u><a href=\"http:\/\/www.bonito.ms.gov.br\/secretaria-de-industria-turismo-e-comercio\/novo-decreto-preve-reabertura-de-hoteis-e-atrativos-a-partir-de-1-de-junho\" style=\"color:blue; text-decoration:underline\" target=\"_blank\" rel=\"noopener\">Novo decreto prev\u00ea reabertura de hot\u00e9is e atrativos a partir de 1\u00ba de junho<\/a>\u00a0<\/u><\/span><\/u><\/span>&#8211;<span style=\"font-size:20px\">\u00a0Novo decreto que foi aprovado pelo Comit\u00ea de Preven\u00e7\u00e3o e Enfrentamento ao Coronav\u00edrus, nesta ter\u00e7a-feira (19) e entra em vigor a partir de quarta-feira (20), prev\u00ea a abertura dos atrativos, p\u00fablicos e privados, assim como de hot\u00e9is, pousadas e demais meios de hospedagens a partir do 1\u00ba dia do m\u00eas de junho.<\/span><\/p>\n<p style=\"margin-left:0cm; margin-right:0cm\"><span style=\"font-size:15.0pt\"><span style=\"font-family:\"Calibri\",\"sans-serif\"\"><a href=\"http:\/\/www.bonito.ms.gov.br\/secretaria-de-saude\/acompanhe-a-evolucao-dos-casos-do-novo-coronavirus-em-bonito\" style=\"color:blue; text-decoration:underline\" target=\"_blank\" rel=\"noopener\"><span style=\"font-size:20px\">A Secretaria Municipal de Sa\u00fade informa que mais um caso foi confirmado pelo LA<\/span>CEN-MS<\/a><\/span><\/span> &#8211;\u00a0<span style=\"font-size:20px\"><span style=\"font-family:\"Times New Roman\",serif\">mais 1 amostra\u00a0positivas para COVID-19, totalizando 16\u00a0casos confirmados.<\/span><\/span>\u00a0<\/p>\n<p style=\"margin-left:0cm; margin-right:0cm\"><span style=\"font-size:20px\"><span style=\"font-family:Calibri,sans-serif\"><u><a href=\"https:\/\/www.facebook.com\/102400571406170\/photos\/pcb.141358787510348\/141358520843708\/?type=3&#038;theater\" style=\"color:blue; text-decoration:underline\" target=\"_blank\" rel=\"noopener\">Secretaria de Sa\u00fade confirma mais 6 casos de Covid-19 em <\/a><\/u><a href=\"https:\/\/www.facebook.com\/102400571406170\/photos\/pcb.141358787510348\/141358520843708\/?type=3&#038;theater\" style=\"color:blue; text-decoration:underline\" target=\"_blank\" rel=\"noopener\">Bonito-MS<\/a><\/span><span style=\"font-family:\"Times New Roman\",serif\">\u00a0&#8211;\u00a0mais 6 amostras foram positivas para COVID-19, totalizando 15 casos confirmados.<\/span><\/span>\u00a0<\/p>\n<p style=\"margin-left:0cm; margin-right:0cm\">\u00a0<\/p>\n<p style=\"margin-left:0cm; margin-right:0cm\"><u><span style=\"font-size:20px\"><u><a href=\"https:\/\/www.facebook.com\/102400571406170\/photos\/pcb.140470210932539\/140468440932716\/?type=3&#038;theater\" style=\"color:blue;text-decoration:underline;\" target=\"_blank\" rel=\"noopener\">Covid-19: mais 3\u00a0casos confirmados em Bonito-MS, totalizando 9 casos at\u00e9 o momento<\/a>\u00a0<\/u><\/span><\/u><span style=\"font-size:20px\"><span style=\"font-family:\"Times New Roman\",serif\">&#8211;\u00a0Todos os casos confirmados seguem em isolamento domiciliar.<\/span><\/span><\/p>\n<p style=\"margin-left:0cm; margin-right:0cm\">\u00a0<\/p>\n<p style=\"margin-left:0cm; margin-right:0cm\"><span style=\"font-size:20px\"><u><a href=\"https:\/\/www.facebook.com\/102400571406170\/photos\/a.103531941293033\/139061351073425\/?type=3&#038;theater\" style=\"color:blue;text-decoration:underline;\" target=\"_blank\" rel=\"noopener\">Com mais 2 casos confirmados, Bonito-MS totaliza\u00a0agora 6\u00a0casos no total.<\/a>\u00a0<\/u><span style=\"font-family:\"Times New Roman\",serif\">&#8211;\u00a0As medidas epidemiol\u00f3gicas protocolares recomendadas pelo Minist\u00e9rio da Sa\u00fade est\u00e3o sendo adotadas de acordo com a gravidade do caso, sendo elas isolamento domiciliar ou a interna\u00e7\u00e3o em casos graves.<\/span><\/span><\/p>\n<p style=\"margin-left:0cm; margin-right:0cm\">\u00a0<\/p>\n<p style=\"margin-left:0cm; margin-right:0cm\"><a href=\"https:\/\/www.facebook.com\/PrefeituraBonitoMS\/photos\/a.599737913464320\/2601680083270083\/?type=3&#038;theater\" style=\"color:blue;text-decoration:underline;\" target=\"_blank\" rel=\"noopener\"><u><span style=\"font-size:20px\">A partir de\u00a0segunda-feira (11) \u00e9 obrigat\u00f3rio a utiliza\u00e7\u00e3o de m\u00e1scaras protetoras faciais em Bonito-MS <\/span><\/u><\/a>&#8211; <span style=\"font-size:20px\"><span style=\"font-family:\"Times New Roman\",serif\">A obrigatoriedade vale para todas as pessoas\u00a0que estejam fora de suas resid\u00eancias circulando em vias p\u00fablicas ou frequentando qualquer estabelecimento p\u00fablico ou privado localizado no munic\u00edpio.<\/span><\/span><\/p>\n<p style=\"margin-left:0cm; margin-right:0cm\">\u00a0<\/p>\n<p style=\"margin-left:0cm; margin-right:0cm\"><u><span style=\"font-size:20px\"><u><a href=\"https:\/\/www.facebook.com\/PrefeituraBonitoMS\/photos\/a.599737913464320\/2600316870073071\/?type=3&#038;theater\" style=\"color:blue;text-decoration:underline;\" target=\"_blank\" rel=\"noopener\">Mais 2 casos de COVID-19 foram confirmados em Bonito-MS, totalizando agora 4 casos no munic\u00edpio.<\/a>\u00a0<\/u><\/span><\/u><span style=\"font-size:20px\"><span style=\"font-family:\"Times New Roman\",serif\">&#8211;\u00a0Todos esses casos s\u00e3o acompanhados pelas equipes de sa\u00fade, caso apresentem sintomas, ser\u00e3o testados de acordo com os crit\u00e9rios do Minist\u00e9rio da Sa\u00fade.<\/span><\/span><\/p>\n<p style=\"margin-left:0cm; margin-right:0cm\">\u00a0<\/p>\n<p style=\"margin-left:0cm; margin-right:0cm\"><span style=\"font-size:20px\"><u><a href=\"http:\/\/www.bonito.ms.gov.br\/barreira-sanitaria-faz-controle-de-veiculos-na-entrada-da-cidade\" style=\"color:blue;text-decoration:underline;\" target=\"_blank\" rel=\"noopener\">Barreira sanit\u00e1ria faz controle de ve\u00edculos na entrada da cidade<\/a><\/u><\/span>\u00a0&#8211;<span style=\"font-size:20px\"><span style=\"font-family:\"Times New Roman\",serif\">\u00a0Autom\u00f3veis de outras localidades est\u00e3o sendo orientados a retornarem<\/span><\/span><\/p>\n<p style=\"margin-left:0cm; margin-right:0cm\">\u00a0<\/p>\n<p style=\"margin-left:0cm; margin-right:0cm\"><span style=\"font-size:20px\"><u><a href=\"http:\/\/www.bonito.ms.gov.br\/secretaria-de-saude\/esclarecimentos-sobre-os-casos-positivos-de-coronavirus-em-bonito\" style=\"color:blue;text-decoration:underline;\" target=\"_blank\" rel=\"noopener\">Esclarecimentos sobre os casos positivos de coronav\u00edrus em Bonito &#8211; MS<\/a>\u00a0<\/u><\/span>&#8211;<span style=\"font-size:20px\"><span style=\"font-family:\"Times New Roman\",serif\">\u00a0Dois casos foram confirmados at\u00e9 est\u00e1 sexta-feira (8)<\/span><\/span><\/p>\n<p style=\"margin-left:0cm; margin-right:0cm\">\u00a0<\/p>\n<p><span style=\"font-size:20px\"><a href=\"http:\/\/www.bonito.ms.gov.br\/gabinete-do-prefeito\/novo-decreto-estreita-medidas-de-seguranca-em-bonito\" style=\"color:blue;text-decoration:underline;\" target=\"_blank\" rel=\"noopener\"><u><u>Novo decreto estreita medidas de seguran\u00e7a em Bonito<\/u><\/u>-MS<\/a>\u00a0&#8211;\u00a0<span style=\"font-family:\"Times New Roman\",serif\">Comit\u00ea de Enfrentamento ao Covid-19 decidiu pela obrigatoriedade do uso de m\u00e1scaras e toque de recolher a partir das 20 horas<\/span><\/span><\/p>\n<p><span style=\"font-size:11pt\"><span style=\"font-family:Calibri,sans-serif\"><u><span style=\"font-size:16.5pt\"><a href=\"http:\/\/www.bonito.ms.gov.br\/secretaria-de-saude\/primeiro-caso-de-coronavirus-e-confirmado-em-bonito\" style=\"color:blue; text-decoration:underline\" target=\"_blank\" rel=\"noopener\">Primeiro caso de coronav\u00edrus \u00e9 confirmado em Bonito<\/a><\/span><\/u><\/span><\/span><span style=\"font-size:20px\"><span styl\n<\/p>\n","protected":false},"excerpt":{"rendered":"<p>Pensando em ajudar, n\u00f3s da Bonito Way resolvemos criar uma &#8220;Linha do Tempo&#8221; sobre a exist\u00eancia e descoberta do coronav\u00edrus [covid19 ] e manteramos\u00a0ela atualizada sobre como aqui em Bonito &#8211; MS estamos lidando com este cen\u00e1rio.<\/p>\n","protected":false},"author":1,"featured_media":6428,"comment_status":"open","ping_status":"open","sticky":false,"template":"","format":"standard","meta":{"footnotes":""},"categories":[70,72,107,75,76],"tags":[106,80,92,84,83,85,86,81,105],"class_list":["post-6426","post","type-post","status-publish","format-standard","has-post-thumbnail","hentry","category-curiosidades","category-ecoturismo-em-bonito","category-hospedagem-em-bonito","category-pacotes","category-passeios","tag-bonito-com-criancas","tag-bonito-ms","tag-cavalgadas","tag-ecoturismo","tag-grutas","tag-mergulho","tag-pantanal-ms","tag-turismo-melhor-idade","tag-viajando-com-criancas"],"_links":{"self":[{"href":"https:\/\/www.bonitoway.com.br\/blog\/wp-json\/wp\/v2\/posts\/6426","targetHints":{"allow":["GET"]}}],"collection":[{"href":"https:\/\/www.bonitoway.com.br\/blog\/wp-json\/wp\/v2\/posts"}],"about":[{"href":"https:\/\/www.bonitoway.com.br\/blog\/wp-json\/wp\/v2\/types\/post"}],"author":[{"embeddable":true,"href":"https:\/\/www.bonitoway.com.br\/blog\/wp-json\/wp\/v2\/users\/1"}],"replies":[{"embeddable":true,"href":"https:\/\/www.bonitoway.com.br\/blog\/wp-json\/wp\/v2\/comments?post=6426"}],"version-history":[{"count":3,"href":"https:\/\/www.bonitoway.com.br\/blog\/wp-json\/wp\/v2\/posts\/6426\/revisions"}],"predecessor-version":[{"id":8418,"href":"https:\/\/www.bonitoway.com.br\/blog\/wp-json\/wp\/v2\/posts\/6426\/revisions\/8418"}],"wp:featuredmedia":[{"embeddable":true,"href":"https:\/\/www.bonitoway.com.br\/blog\/wp-json\/wp\/v2\/media\/6428"}],"wp:attachment":[{"href":"https:\/\/www.bonitoway.com.br\/blog\/wp-json\/wp\/v2\/media?parent=6426"}],"wp:term":[{"taxonomy":"category","embeddable":true,"href":"https:\/\/www.bonitoway.com.br\/blog\/wp-json\/wp\/v2\/categories?post=6426"},{"taxonomy":"post_tag","embeddable":true,"href":"https:\/\/www.bonitoway.com.br\/blog\/wp-json\/wp\/v2\/tags?post=6426"}],"curies":[{"name":"wp","href":"https:\/\/api.w.org\/{rel}","templated":true}]}}